{"id":585,"date":"2023-05-16T07:55:22","date_gmt":"2023-05-16T07:55:22","guid":{"rendered":"http:\/\/blog.viasathistory.cz\/?p=585"},"modified":"2023-05-16T08:25:32","modified_gmt":"2023-05-16T08:25:32","slug":"tajne-dokumenty-vatikanu-odhaleny-papez-a-dabel","status":"publish","type":"post","link":"https:\/\/blog.viasathistory.cz\/?p=585","title":{"rendered":"Tajn\u00e9 dokumenty Vatik\u00e1nu odhaleny: Pape\u017e a \u010f\u00e1bel"},"content":{"rendered":"\n<p>Vatik\u00e1n je pr\u00e1vem pova\u017eov\u00e1no za svat\u00fd gr\u00e1l archiv\u016f. P\u0159\u00edstup k miliard\u00e1m str\u00e1nek uchov\u00e1vaj\u00edc\u00edch ty nejd\u016fle\u017eit\u011bj\u0161\u00ed informace nejen c\u00edrkevn\u00ed historie nez\u00edsk\u00e1 jen tak n\u011bkdo. Kdy\u017e Guy Walters dostal povolen\u00ed, nemohl tomu uv\u011b\u0159it.<\/p>\n\n\n\n<p>\u201eJe to jako v\u00fdhra v loterii,\u201c p\u0159ibl\u00ed\u017eil historik sv\u00e9 pocity, kdy\u017e si jej dokumentarist\u00e9 p\u0159izvali ke spolupr\u00e1ci. \u201eOd t\u00e9 doby, co jsem napsal knihu Hunting Evil, ve kter\u00e9 popisuji, jak nacist\u00e9 po v\u00e1lce utekli, jsem doslova posedl\u00fd t\u00edm, jak se dostat do Vatik\u00e1nsk\u00e9ho apo\u0161tolsk\u00e9ho archivu. D\u00edky prac\u00edm Dana Browna a dal\u0161\u00edch si n\u011bkte\u0159\u00ed lid\u00e9 mysl\u00ed, \u017ee odpov\u011b\u010f na ka\u017ed\u00e9 tajemstv\u00ed je poh\u0159bena pr\u00e1v\u011b na tomto m\u00edst\u011b. Dokonce existuj\u00ed i tac\u00ed, kte\u0159\u00ed v\u011b\u0159\u00ed, \u017ee skr\u00fdv\u00e1 tajemstv\u00ed o jin\u00fdch sv\u011btech, o kontaktech s mimozem\u0161\u0165any a podobn\u011b. J\u00e1 mezi takov\u00e9 historiky nepat\u0159\u00edm, ale mysl\u00edm si, \u017ee archiv n\u00e1m toho m\u016f\u017ee hodn\u011b o spoust\u011b v\u011bc\u00ed pov\u011bd\u011bt. Co m\u011b ale konkr\u00e9tn\u011b zaj\u00edm\u00e1, je skute\u010dnost, jak se Vatik\u00e1n choval v obdob\u00ed rozmachu T\u0159et\u00ed \u0159\u00ed\u0161e, ale i roky po jej\u00edm rozpadu,\u201c p\u0159ibli\u017euje sv\u00e9 pohnutky Walters a objas\u0148uje tak j\u00e1dro v\u00fdzkumu pro dokument.<\/p>\n\n\n\n<p>Pr\u00e1v\u011b nejednozna\u010dn\u00fd vztah mezi pape\u017eem Piem XII. a Adolfem Hitlerem je \u00fast\u0159edn\u00edm t\u00e9matem s\u00e9rie. T\u00fdm v\u00fdzkumn\u00edk\u016f v \u010dele s Waltersem se vydal hledat odpov\u011bdi na znepokojuj\u00edc\u00ed ot\u00e1zky ohledn\u011b mo\u017en\u00e9 spolupr\u00e1ce c\u00edrkve s nacisty. Jak moc Pius XII. uchl\u00e1cholil Hitlera? Sna\u017eil se pape\u017e pom\u00e1hat \u017did\u016fm? Jak\u00fd byl vztah mezi Vatik\u00e1nem a Mussolinim? V\u011bd\u011bl Vatik\u00e1n, co nacist\u00e9 chystaj\u00ed? A cht\u011bli skute\u010dn\u011b nacist\u00e9 pape\u017ee un\u00e9st? Odpov\u011bdi nejen na tyto ot\u00e1zky byly skute\u010dn\u011b zodpov\u011bzeny a na \u00e9ru nen\u00e1vid\u011bn\u00e9ho pape\u017ee vrhaj\u00ed zcela nov\u00e9 sv\u011btlo.<\/p>\n","protected":false},"excerpt":{"rendered":"<p>Vatik\u00e1n je pr\u00e1vem pova\u017eov\u00e1no za svat\u00fd gr\u00e1l archiv\u016f. P\u0159\u00edstup k miliard\u00e1m str\u00e1nek uchov\u00e1vaj\u00edc\u00edch ty nejd\u016fle\u017eit\u011bj\u0161\u00ed informace nejen c\u00edrkevn\u00ed historie nez\u00edsk\u00e1 jen tak n\u011bkdo. Kdy\u017e Guy&#8230;<\/p>\n","protected":false},"author":5,"featured_media":586,"comment_status":"open","ping_status":"open","sticky":false,"template":"","format":"standard","meta":{"_acf_changed":false,"footnotes":""},"categories":[33],"tags":[],"class_list":["post-585","post","type-post","status-publish","format-standard","has-post-thumbnail","hentry","category-tajne-dokumenty-vatikanu"],"acf":[],"yoast_head":"<!-- This site is optimized with the Yoast SEO plugin v27.5 - https:\/\/yoast.com\/product\/yoast-seo-wordpress\/ -->\n<title>Tajn\u00e9 dokumenty Vatik\u00e1nu odhaleny: Pape\u017e a \u010f\u00e1bel - Viasat History<\/title>\n<meta name=\"robots\" content=\"index, follow, max-snippet:-1, max-image-preview:large, max-video-preview:-1\" \/>\n<link rel=\"canonical\" href=\"https:\/\/blog.viasathistory.cz\/?p=585\" \/>\n<meta property=\"og:locale\" content=\"en_US\" \/>\n<meta property=\"og:type\" content=\"article\" \/>\n<meta property=\"og:title\" content=\"Tajn\u00e9 dokumenty Vatik\u00e1nu odhaleny: Pape\u017e a \u010f\u00e1bel - Viasat History\" \/>\n<meta property=\"og:description\" content=\"Vatik\u00e1n je pr\u00e1vem pova\u017eov\u00e1no za svat\u00fd gr\u00e1l archiv\u016f. P\u0159\u00edstup k miliard\u00e1m str\u00e1nek uchov\u00e1vaj\u00edc\u00edch ty nejd\u016fle\u017eit\u011bj\u0161\u00ed informace nejen c\u00edrkevn\u00ed historie nez\u00edsk\u00e1 jen tak n\u011bkdo. Kdy\u017e Guy...\" \/>\n<meta property=\"og:url\" content=\"https:\/\/blog.viasathistory.cz\/?p=585\" \/>\n<meta property=\"og:site_name\" content=\"Viasat History\" \/>\n<meta property=\"article:published_time\" content=\"2023-05-16T07:55:22+00:00\" \/>\n<meta property=\"article:modified_time\" content=\"2023-05-16T08:25:32+00:00\" \/>\n<meta property=\"og:image\" content=\"https:\/\/blog.viasathistory.cz\/wp-content\/uploads\/2023\/05\/EP01_01@0.25x.png\" \/>\n\t<meta property=\"og:image:width\" content=\"450\" \/>\n\t<meta property=\"og:image:height\" content=\"270\" \/>\n\t<meta property=\"og:image:type\" content=\"image\/png\" \/>\n<meta name=\"author\" content=\"Jana\" \/>\n<meta name=\"twitter:card\" content=\"summary_large_image\" \/>\n<meta name=\"twitter:label1\" content=\"Written by\" \/>\n\t<meta name=\"twitter:data1\" content=\"Jana\" \/>\n\t<meta name=\"twitter:label2\" content=\"Est. reading time\" \/>\n\t<meta name=\"twitter:data2\" content=\"2 minutes\" \/>\n<script type=\"application\/ld+json\" class=\"yoast-schema-graph\">{\"@context\":\"https:\\\/\\\/schema.org\",\"@graph\":[{\"@type\":\"Article\",\"@id\":\"https:\\\/\\\/blog.viasathistory.cz\\\/?p=585#article\",\"isPartOf\":{\"@id\":\"https:\\\/\\\/blog.viasathistory.cz\\\/?p=585\"},\"author\":{\"name\":\"Jana\",\"@id\":\"https:\\\/\\\/blog.viasathistory.cz\\\/#\\\/schema\\\/person\\\/9cb47834fe2f677212a4475bf8f61099\"},\"headline\":\"Tajn\u00e9 dokumenty Vatik\u00e1nu odhaleny: Pape\u017e a \u010f\u00e1bel\",\"datePublished\":\"2023-05-16T07:55:22+00:00\",\"dateModified\":\"2023-05-16T08:25:32+00:00\",\"mainEntityOfPage\":{\"@id\":\"https:\\\/\\\/blog.viasathistory.cz\\\/?p=585\"},\"wordCount\":349,\"commentCount\":0,\"image\":{\"@id\":\"https:\\\/\\\/blog.viasathistory.cz\\\/?p=585#primaryimage\"},\"thumbnailUrl\":\"https:\\\/\\\/blog.viasathistory.cz\\\/wp-content\\\/uploads\\\/2023\\\/05\\\/EP01_01@0.25x.png\",\"articleSection\":[\"Tajn\u00e9 dokumenty Vatik\u00e1nu\"],\"inLanguage\":\"en-US\",\"potentialAction\":[{\"@type\":\"CommentAction\",\"name\":\"Comment\",\"target\":[\"https:\\\/\\\/blog.viasathistory.cz\\\/?p=585#respond\"]}]},{\"@type\":\"WebPage\",\"@id\":\"https:\\\/\\\/blog.viasathistory.cz\\\/?p=585\",\"url\":\"https:\\\/\\\/blog.viasathistory.cz\\\/?p=585\",\"name\":\"Tajn\u00e9 dokumenty Vatik\u00e1nu odhaleny: Pape\u017e a \u010f\u00e1bel - Viasat History\",\"isPartOf\":{\"@id\":\"https:\\\/\\\/blog.viasathistory.cz\\\/#website\"},\"primaryImageOfPage\":{\"@id\":\"https:\\\/\\\/blog.viasathistory.cz\\\/?p=585#primaryimage\"},\"image\":{\"@id\":\"https:\\\/\\\/blog.viasathistory.cz\\\/?p=585#primaryimage\"},\"thumbnailUrl\":\"https:\\\/\\\/blog.viasathistory.cz\\\/wp-content\\\/uploads\\\/2023\\\/05\\\/EP01_01@0.25x.png\",\"datePublished\":\"2023-05-16T07:55:22+00:00\",\"dateModified\":\"2023-05-16T08:25:32+00:00\",\"author\":{\"@id\":\"https:\\\/\\\/blog.viasathistory.cz\\\/#\\\/schema\\\/person\\\/9cb47834fe2f677212a4475bf8f61099\"},\"breadcrumb\":{\"@id\":\"https:\\\/\\\/blog.viasathistory.cz\\\/?p=585#breadcrumb\"},\"inLanguage\":\"en-US\",\"potentialAction\":[{\"@type\":\"ReadAction\",\"target\":[\"https:\\\/\\\/blog.viasathistory.cz\\\/?p=585\"]}]},{\"@type\":\"ImageObject\",\"inLanguage\":\"en-US\",\"@id\":\"https:\\\/\\\/blog.viasathistory.cz\\\/?p=585#primaryimage\",\"url\":\"https:\\\/\\\/blog.viasathistory.cz\\\/wp-content\\\/uploads\\\/2023\\\/05\\\/EP01_01@0.25x.png\",\"contentUrl\":\"https:\\\/\\\/blog.viasathistory.cz\\\/wp-content\\\/uploads\\\/2023\\\/05\\\/EP01_01@0.25x.png\",\"width\":450,\"height\":270},{\"@type\":\"BreadcrumbList\",\"@id\":\"https:\\\/\\\/blog.viasathistory.cz\\\/?p=585#breadcrumb\",\"itemListElement\":[{\"@type\":\"ListItem\",\"position\":1,\"name\":\"Home\",\"item\":\"https:\\\/\\\/blog.viasathistory.cz\\\/\"},{\"@type\":\"ListItem\",\"position\":2,\"name\":\"Tajn\u00e9 dokumenty Vatik\u00e1nu odhaleny: Pape\u017e a \u010f\u00e1bel\"}]},{\"@type\":\"WebSite\",\"@id\":\"https:\\\/\\\/blog.viasathistory.cz\\\/#website\",\"url\":\"https:\\\/\\\/blog.viasathistory.cz\\\/\",\"name\":\"Viasat History\",\"description\":\"Viasat History\",\"potentialAction\":[{\"@type\":\"SearchAction\",\"target\":{\"@type\":\"EntryPoint\",\"urlTemplate\":\"https:\\\/\\\/blog.viasathistory.cz\\\/?s={search_term_string}\"},\"query-input\":{\"@type\":\"PropertyValueSpecification\",\"valueRequired\":true,\"valueName\":\"search_term_string\"}}],\"inLanguage\":\"en-US\"},{\"@type\":\"Person\",\"@id\":\"https:\\\/\\\/blog.viasathistory.cz\\\/#\\\/schema\\\/person\\\/9cb47834fe2f677212a4475bf8f61099\",\"name\":\"Jana\",\"image\":{\"@type\":\"ImageObject\",\"inLanguage\":\"en-US\",\"@id\":\"https:\\\/\\\/secure.gravatar.com\\\/avatar\\\/be1ab1c5c440733dcbdc414509a528509b0cc6acaf63aa1d1b199a490f3d79ae?s=96&d=mm&r=g\",\"url\":\"https:\\\/\\\/secure.gravatar.com\\\/avatar\\\/be1ab1c5c440733dcbdc414509a528509b0cc6acaf63aa1d1b199a490f3d79ae?s=96&d=mm&r=g\",\"contentUrl\":\"https:\\\/\\\/secure.gravatar.com\\\/avatar\\\/be1ab1c5c440733dcbdc414509a528509b0cc6acaf63aa1d1b199a490f3d79ae?s=96&d=mm&r=g\",\"caption\":\"Jana\"},\"url\":\"https:\\\/\\\/blog.viasathistory.cz\\\/?author=5\"}]}<\/script>\n<!-- \/ Yoast SEO plugin. -->","yoast_head_json":{"title":"Tajn\u00e9 dokumenty Vatik\u00e1nu odhaleny: Pape\u017e a \u010f\u00e1bel - Viasat History","robots":{"index":"index","follow":"follow","max-snippet":"max-snippet:-1","max-image-preview":"max-image-preview:large","max-video-preview":"max-video-preview:-1"},"canonical":"https:\/\/blog.viasathistory.cz\/?p=585","og_locale":"en_US","og_type":"article","og_title":"Tajn\u00e9 dokumenty Vatik\u00e1nu odhaleny: Pape\u017e a \u010f\u00e1bel - Viasat History","og_description":"Vatik\u00e1n je pr\u00e1vem pova\u017eov\u00e1no za svat\u00fd gr\u00e1l archiv\u016f. P\u0159\u00edstup k miliard\u00e1m str\u00e1nek uchov\u00e1vaj\u00edc\u00edch ty nejd\u016fle\u017eit\u011bj\u0161\u00ed informace nejen c\u00edrkevn\u00ed historie nez\u00edsk\u00e1 jen tak n\u011bkdo. Kdy\u017e Guy...","og_url":"https:\/\/blog.viasathistory.cz\/?p=585","og_site_name":"Viasat History","article_published_time":"2023-05-16T07:55:22+00:00","article_modified_time":"2023-05-16T08:25:32+00:00","og_image":[{"width":450,"height":270,"url":"https:\/\/blog.viasathistory.cz\/wp-content\/uploads\/2023\/05\/EP01_01@0.25x.png","type":"image\/png"}],"author":"Jana","twitter_card":"summary_large_image","twitter_misc":{"Written by":"Jana","Est. reading time":"2 minutes"},"schema":{"@context":"https:\/\/schema.org","@graph":[{"@type":"Article","@id":"https:\/\/blog.viasathistory.cz\/?p=585#article","isPartOf":{"@id":"https:\/\/blog.viasathistory.cz\/?p=585"},"author":{"name":"Jana","@id":"https:\/\/blog.viasathistory.cz\/#\/schema\/person\/9cb47834fe2f677212a4475bf8f61099"},"headline":"Tajn\u00e9 dokumenty Vatik\u00e1nu odhaleny: Pape\u017e a \u010f\u00e1bel","datePublished":"2023-05-16T07:55:22+00:00","dateModified":"2023-05-16T08:25:32+00:00","mainEntityOfPage":{"@id":"https:\/\/blog.viasathistory.cz\/?p=585"},"wordCount":349,"commentCount":0,"image":{"@id":"https:\/\/blog.viasathistory.cz\/?p=585#primaryimage"},"thumbnailUrl":"https:\/\/blog.viasathistory.cz\/wp-content\/uploads\/2023\/05\/EP01_01@0.25x.png","articleSection":["Tajn\u00e9 dokumenty Vatik\u00e1nu"],"inLanguage":"en-US","potentialAction":[{"@type":"CommentAction","name":"Comment","target":["https:\/\/blog.viasathistory.cz\/?p=585#respond"]}]},{"@type":"WebPage","@id":"https:\/\/blog.viasathistory.cz\/?p=585","url":"https:\/\/blog.viasathistory.cz\/?p=585","name":"Tajn\u00e9 dokumenty Vatik\u00e1nu odhaleny: Pape\u017e a \u010f\u00e1bel - Viasat History","isPartOf":{"@id":"https:\/\/blog.viasathistory.cz\/#website"},"primaryImageOfPage":{"@id":"https:\/\/blog.viasathistory.cz\/?p=585#primaryimage"},"image":{"@id":"https:\/\/blog.viasathistory.cz\/?p=585#primaryimage"},"thumbnailUrl":"https:\/\/blog.viasathistory.cz\/wp-content\/uploads\/2023\/05\/EP01_01@0.25x.png","datePublished":"2023-05-16T07:55:22+00:00","dateModified":"2023-05-16T08:25:32+00:00","author":{"@id":"https:\/\/blog.viasathistory.cz\/#\/schema\/person\/9cb47834fe2f677212a4475bf8f61099"},"breadcrumb":{"@id":"https:\/\/blog.viasathistory.cz\/?p=585#breadcrumb"},"inLanguage":"en-US","potentialAction":[{"@type":"ReadAction","target":["https:\/\/blog.viasathistory.cz\/?p=585"]}]},{"@type":"ImageObject","inLanguage":"en-US","@id":"https:\/\/blog.viasathistory.cz\/?p=585#primaryimage","url":"https:\/\/blog.viasathistory.cz\/wp-content\/uploads\/2023\/05\/EP01_01@0.25x.png","contentUrl":"https:\/\/blog.viasathistory.cz\/wp-content\/uploads\/2023\/05\/EP01_01@0.25x.png","width":450,"height":270},{"@type":"BreadcrumbList","@id":"https:\/\/blog.viasathistory.cz\/?p=585#breadcrumb","itemListElement":[{"@type":"ListItem","position":1,"name":"Home","item":"https:\/\/blog.viasathistory.cz\/"},{"@type":"ListItem","position":2,"name":"Tajn\u00e9 dokumenty Vatik\u00e1nu odhaleny: Pape\u017e a \u010f\u00e1bel"}]},{"@type":"WebSite","@id":"https:\/\/blog.viasathistory.cz\/#website","url":"https:\/\/blog.viasathistory.cz\/","name":"Viasat History","description":"Viasat History","potentialAction":[{"@type":"SearchAction","target":{"@type":"EntryPoint","urlTemplate":"https:\/\/blog.viasathistory.cz\/?s={search_term_string}"},"query-input":{"@type":"PropertyValueSpecification","valueRequired":true,"valueName":"search_term_string"}}],"inLanguage":"en-US"},{"@type":"Person","@id":"https:\/\/blog.viasathistory.cz\/#\/schema\/person\/9cb47834fe2f677212a4475bf8f61099","name":"Jana","image":{"@type":"ImageObject","inLanguage":"en-US","@id":"https:\/\/secure.gravatar.com\/avatar\/be1ab1c5c440733dcbdc414509a528509b0cc6acaf63aa1d1b199a490f3d79ae?s=96&d=mm&r=g","url":"https:\/\/secure.gravatar.com\/avatar\/be1ab1c5c440733dcbdc414509a528509b0cc6acaf63aa1d1b199a490f3d79ae?s=96&d=mm&r=g","contentUrl":"https:\/\/secure.gravatar.com\/avatar\/be1ab1c5c440733dcbdc414509a528509b0cc6acaf63aa1d1b199a490f3d79ae?s=96&d=mm&r=g","caption":"Jana"},"url":"https:\/\/blog.viasathistory.cz\/?author=5"}]}},"_links":{"self":[{"href":"https:\/\/blog.viasathistory.cz\/index.php?rest_route=\/wp\/v2\/posts\/585","targetHints":{"allow":["GET"]}}],"collection":[{"href":"https:\/\/blog.viasathistory.cz\/index.php?rest_route=\/wp\/v2\/posts"}],"about":[{"href":"https:\/\/blog.viasathistory.cz\/index.php?rest_route=\/wp\/v2\/types\/post"}],"author":[{"embeddable":true,"href":"https:\/\/blog.viasathistory.cz\/index.php?rest_route=\/wp\/v2\/users\/5"}],"replies":[{"embeddable":true,"href":"https:\/\/blog.viasathistory.cz\/index.php?rest_route=%2Fwp%2Fv2%2Fcomments&post=585"}],"version-history":[{"count":0,"href":"https:\/\/blog.viasathistory.cz\/index.php?rest_route=\/wp\/v2\/posts\/585\/revisions"}],"wp:featuredmedia":[{"embeddable":true,"href":"https:\/\/blog.viasathistory.cz\/index.php?rest_route=\/wp\/v2\/media\/586"}],"wp:attachment":[{"href":"https:\/\/blog.viasathistory.cz\/index.php?rest_route=%2Fwp%2Fv2%2Fmedia&parent=585"}],"wp:term":[{"taxonomy":"category","embeddable":true,"href":"https:\/\/blog.viasathistory.cz\/index.php?rest_route=%2Fwp%2Fv2%2Fcategories&post=585"},{"taxonomy":"post_tag","embeddable":true,"href":"https:\/\/blog.viasathistory.cz\/index.php?rest_route=%2Fwp%2Fv2%2Ftags&post=585"}],"curies":[{"name":"wp","href":"https:\/\/api.w.org\/{rel}","templated":true}]}}